{"id":102,"date":"2020-01-11T19:02:26","date_gmt":"2020-01-11T19:02:26","guid":{"rendered":"http:\/\/margarete-blank-gedenkstaette.com\/?p=102"},"modified":"2020-01-11T19:02:26","modified_gmt":"2020-01-11T19:02:26","slug":"erinnern-heisst-kaempfen","status":"publish","type":"post","link":"http:\/\/margarete-blank-gedenkstaette.com\/?p=102","title":{"rendered":"Erinnern hei\u00dft k\u00e4mpfen!"},"content":{"rendered":"<p><img loading=\"lazy\" decoding=\"async\" class=\"alignnone size-medium wp-image-103\" src=\"http:\/\/margarete-blank-gedenkstaette.com\/wp-content\/uploads\/2020\/01\/20200111_095004628_iOS-1-225x300.jpg\" alt=\"\" width=\"225\" height=\"300\" srcset=\"http:\/\/margarete-blank-gedenkstaette.com\/wp-content\/uploads\/2020\/01\/20200111_095004628_iOS-1-225x300.jpg 225w, http:\/\/margarete-blank-gedenkstaette.com\/wp-content\/uploads\/2020\/01\/20200111_095004628_iOS-1-768x1024.jpg 768w, http:\/\/margarete-blank-gedenkstaette.com\/wp-content\/uploads\/2020\/01\/20200111_095004628_iOS-1-1152x1536.jpg 1152w, http:\/\/margarete-blank-gedenkstaette.com\/wp-content\/uploads\/2020\/01\/20200111_095004628_iOS-1-1536x2048.jpg 1536w, http:\/\/margarete-blank-gedenkstaette.com\/wp-content\/uploads\/2020\/01\/20200111_095004628_iOS-1-scaled.jpg 1920w\" sizes=\"auto, (max-width: 225px) 100vw, 225px\" \/> <img loading=\"lazy\" decoding=\"async\" class=\"alignnone  wp-image-105\" src=\"http:\/\/margarete-blank-gedenkstaette.com\/wp-content\/uploads\/2020\/01\/20200111_121201285_iOS-1-300x225.jpg\" alt=\"\" width=\"259\" height=\"194\" srcset=\"http:\/\/margarete-blank-gedenkstaette.com\/wp-content\/uploads\/2020\/01\/20200111_121201285_iOS-1-300x225.jpg 300w, http:\/\/margarete-blank-gedenkstaette.com\/wp-content\/uploads\/2020\/01\/20200111_121201285_iOS-1-1024x768.jpg 1024w, http:\/\/margarete-blank-gedenkstaette.com\/wp-content\/uploads\/2020\/01\/20200111_121201285_iOS-1-768x576.jpg 768w, http:\/\/margarete-blank-gedenkstaette.com\/wp-content\/uploads\/2020\/01\/20200111_121201285_iOS-1-1536x1152.jpg 1536w, http:\/\/margarete-blank-gedenkstaette.com\/wp-content\/uploads\/2020\/01\/20200111_121201285_iOS-1-2048x1536.jpg 2048w\" sizes=\"auto, (max-width: 259px) 100vw, 259px\" \/><img loading=\"lazy\" decoding=\"async\" class=\"alignnone  wp-image-106\" src=\"http:\/\/margarete-blank-gedenkstaette.com\/wp-content\/uploads\/2020\/01\/20200111_132654958_iOS-1-300x225.jpg\" alt=\"\" width=\"259\" height=\"194\" srcset=\"http:\/\/margarete-blank-gedenkstaette.com\/wp-content\/uploads\/2020\/01\/20200111_132654958_iOS-1-300x225.jpg 300w, http:\/\/margarete-blank-gedenkstaette.com\/wp-content\/uploads\/2020\/01\/20200111_132654958_iOS-1-1024x768.jpg 1024w, http:\/\/margarete-blank-gedenkstaette.com\/wp-content\/uploads\/2020\/01\/20200111_132654958_iOS-1-768x576.jpg 768w, http:\/\/margarete-blank-gedenkstaette.com\/wp-content\/uploads\/2020\/01\/20200111_132654958_iOS-1-1536x1152.jpg 1536w, http:\/\/margarete-blank-gedenkstaette.com\/wp-content\/uploads\/2020\/01\/20200111_132654958_iOS-1-2048x1536.jpg 2048w\" sizes=\"auto, (max-width: 259px) 100vw, 259px\" \/> <img loading=\"lazy\" decoding=\"async\" class=\"alignnone size-medium wp-image-107\" src=\"http:\/\/margarete-blank-gedenkstaette.com\/wp-content\/uploads\/2020\/01\/20200111_132751766_iOS-1-225x300.jpg\" alt=\"\" width=\"225\" height=\"300\" srcset=\"http:\/\/margarete-blank-gedenkstaette.com\/wp-content\/uploads\/2020\/01\/20200111_132751766_iOS-1-225x300.jpg 225w, http:\/\/margarete-blank-gedenkstaette.com\/wp-content\/uploads\/2020\/01\/20200111_132751766_iOS-1-768x1024.jpg 768w, http:\/\/margarete-blank-gedenkstaette.com\/wp-content\/uploads\/2020\/01\/20200111_132751766_iOS-1-1152x1536.jpg 1152w, http:\/\/margarete-blank-gedenkstaette.com\/wp-content\/uploads\/2020\/01\/20200111_132751766_iOS-1-1536x2048.jpg 1536w, http:\/\/margarete-blank-gedenkstaette.com\/wp-content\/uploads\/2020\/01\/20200111_132751766_iOS-1-scaled.jpg 1920w\" sizes=\"auto, (max-width: 225px) 100vw, 225px\" \/><\/p>\n<p><a class=\"_58cn\" href=\"https:\/\/www.facebook.com\/hashtag\/gedenken?source=feed_text&amp;epa=HASHTAG\" data-ft=\"{&quot;type&quot;:104,&quot;tn&quot;:&quot;*N&quot;}\"><span class=\"_5afx\"><span class=\"_58cl _5afz\" aria-label=\"Hashtag\">#<\/span><span class=\"_58cm\">Gedenken<\/span><\/span><\/a>: Unter dem Motto Erinnern hei\u00dft k\u00e4mpfen! f\u00fchrt heute der VVN-BdA Leipzig e. V. in Kooperation mit der Rosa-Luxemburg-Stiftung Sachsen e.V. eine Gedenkveranstaltung und Exkursion am Ehrenhain des S\u00fcdfriedhofs, Friedhofsweg 3, in Leipzig und an der Gedenkst\u00e4tte M\u00fcnchner Platz Dresden, M\u00fcnchner Platz 3, in Dresden durch.<br \/>\nNach dem stillen Gedenken, um 10:30 Uhr, an den Gr\u00e4bern auf dem Ehrenhain des S\u00fcdfriedhofs Leipzig werden wir gemeinsam nach Dresden in die heutige Gedenkst\u00e4tte M\u00fcnchner Platz fahren, um an einer F\u00fchrung vor Ort teilzunehmen.<br \/>\nHintergrund: Am 11.\/12. Januar 1945 wurden in der Hinrichtungsst\u00e4tte am M\u00fcnchner Platz in Dresden elf Mitglieder einer Leipziger antifaschistischen Widerstandsgruppe ermordet. Die Gruppe um Georg Schumann, Otto Engert und Kurt Kresse hatte sich seit 1943 neu organisiert. Im Sommer 1944 wurden zahlreiche Mitglieder des aktiven Widerstandes in Leipzig verhaftet, schwer misshandelt und verurteilt. Die Todesurteile wurden im Januar 1945 vollstreckt.<\/p>\n","protected":false},"excerpt":{"rendered":"<p>#Gedenken: Unter dem Motto Erinnern hei\u00dft k\u00e4mpfen! f\u00fchrt heute der VVN-BdA Leipzig e. V. in Kooperation mit der Rosa-Luxemburg-Stiftung Sachsen e.V. eine Gedenkveranstaltung und Exkursion am Ehrenhain des S\u00fcdfriedhofs, Friedhofsweg 3, in Leipzig und an der Gedenkst\u00e4tte M\u00fcnchner Platz Dresden, M\u00fcnchner Platz 3, in Dresden durch. Nach dem stillen Gedenken, um 10:30 Uhr, an den &hellip; <\/p>\n<p class=\"link-more\"><a href=\"http:\/\/margarete-blank-gedenkstaette.com\/?p=102\" class=\"more-link\"><span class=\"screen-reader-text\">\u201eErinnern hei\u00dft k\u00e4mpfen!\u201c <\/span>weiterlesen<\/a><\/p>\n","protected":false},"author":1,"featured_media":104,"comment_status":"open","ping_status":"open","sticky":false,"template":"","format":"standard","meta":{"footnotes":""},"categories":[1],"tags":[],"class_list":["post-102","post","type-post","status-publish","format-standard","has-post-thumbnail","hentry","category-uncategorized"],"_links":{"self":[{"href":"http:\/\/margarete-blank-gedenkstaette.com\/index.php?rest_route=\/wp\/v2\/posts\/102","targetHints":{"allow":["GET"]}}],"collection":[{"href":"http:\/\/margarete-blank-gedenkstaette.com\/index.php?rest_route=\/wp\/v2\/posts"}],"about":[{"href":"http:\/\/margarete-blank-gedenkstaette.com\/index.php?rest_route=\/wp\/v2\/types\/post"}],"author":[{"embeddable":true,"href":"http:\/\/margarete-blank-gedenkstaette.com\/index.php?rest_route=\/wp\/v2\/users\/1"}],"replies":[{"embeddable":true,"href":"http:\/\/margarete-blank-gedenkstaette.com\/index.php?rest_route=%2Fwp%2Fv2%2Fcomments&post=102"}],"version-history":[{"count":1,"href":"http:\/\/margarete-blank-gedenkstaette.com\/index.php?rest_route=\/wp\/v2\/posts\/102\/revisions"}],"predecessor-version":[{"id":108,"href":"http:\/\/margarete-blank-gedenkstaette.com\/index.php?rest_route=\/wp\/v2\/posts\/102\/revisions\/108"}],"wp:featuredmedia":[{"embeddable":true,"href":"http:\/\/margarete-blank-gedenkstaette.com\/index.php?rest_route=\/wp\/v2\/media\/104"}],"wp:attachment":[{"href":"http:\/\/margarete-blank-gedenkstaette.com\/index.php?rest_route=%2Fwp%2Fv2%2Fmedia&parent=102"}],"wp:term":[{"taxonomy":"category","embeddable":true,"href":"http:\/\/margarete-blank-gedenkstaette.com\/index.php?rest_route=%2Fwp%2Fv2%2Fcategories&post=102"},{"taxonomy":"post_tag","embeddable":true,"href":"http:\/\/margarete-blank-gedenkstaette.com\/index.php?rest_route=%2Fwp%2Fv2%2Ftags&post=102"}],"curies":[{"name":"wp","href":"https:\/\/api.w.org\/{rel}","templated":true}]}}