{"id":123,"date":"2020-02-09T20:40:33","date_gmt":"2020-02-09T20:40:33","guid":{"rendered":"http:\/\/margarete-blank-gedenkstaette.com\/?p=123"},"modified":"2020-02-09T20:43:47","modified_gmt":"2020-02-09T20:43:47","slug":"75-jahrestag-der-ermordung-dr-margarete-blanks-durch-die-nationalsozialisten","status":"publish","type":"post","link":"http:\/\/margarete-blank-gedenkstaette.com\/?p=123","title":{"rendered":"75. Jahrestag der Ermordung Dr. Margarete Blanks durch die Nationalsozialisten"},"content":{"rendered":"<p style=\"margin-bottom: 6px; font-family: Helvetica, Arial, sans-serif; color: #1c1e21; font-size: 14px;\">Wir ehren am 75. Jahrestag der Ermordung durch die Nationalsozialisten die<br \/>\nengagierte \u00c4rztin, Christin und Humanistin Margarete Viktoria Blank. Sie leistete gegen\u00fcber dem verbrecherischen, unmenschlichen System des Nationalsozialismus Widerstand und bewies damit gro\u00dfen Mut und tiefe Menschlichkeit.<\/p>\n<p style=\"margin-top: 6px; margin-bottom: 6px; font-family: Helvetica, Arial, sans-serif; color: #1c1e21; font-size: 14px;\">Der Dr. Margarete-Blank-Verein Panitzsch lud zu Gedenkveranstaltungen ein:<\/p>\n<div class=\"text_exposed_show\" style=\"display: inline; font-family: Helvetica, Arial, sans-serif; color: #1c1e21; font-size: 14px;\">\n<p style=\"margin-bottom: 6px; font-family: inherit;\">am 07.02 um 15 Uhr Ehrenhain S\u00fcdfriedhof Leipzig<br \/>\nam 08.02. um 10 Uhr Gedenkstein f\u00fcr Margarete Blank in Panitzsch<\/p>\n<p style=\"margin-top: 6px; margin-bottom: 6px; font-family: inherit;\">im Anschluss sprachen wir in unserer Baustelle im Blankhaus bei einem Gas Tee \u00fcber unseren Verein und die Sanierung des Hauses mit allen interessierten B\u00fcrgern.<\/p>\n<p style=\"margin-top: 6px; margin-bottom: 6px; font-family: inherit;\"><img loading=\"lazy\" decoding=\"async\" class=\"alignnone size-medium wp-image-121\" src=\"http:\/\/margarete-blank-gedenkstaette.com\/wp-content\/uploads\/2020\/02\/20200207_140716426_iOS-225x300.jpg\" alt=\"\" width=\"225\" height=\"300\" srcset=\"http:\/\/margarete-blank-gedenkstaette.com\/wp-content\/uploads\/2020\/02\/20200207_140716426_iOS-225x300.jpg 225w, http:\/\/margarete-blank-gedenkstaette.com\/wp-content\/uploads\/2020\/02\/20200207_140716426_iOS-768x1024.jpg 768w, http:\/\/margarete-blank-gedenkstaette.com\/wp-content\/uploads\/2020\/02\/20200207_140716426_iOS-1152x1536.jpg 1152w, http:\/\/margarete-blank-gedenkstaette.com\/wp-content\/uploads\/2020\/02\/20200207_140716426_iOS-1536x2048.jpg 1536w, http:\/\/margarete-blank-gedenkstaette.com\/wp-content\/uploads\/2020\/02\/20200207_140716426_iOS-scaled.jpg 1920w\" sizes=\"auto, (max-width: 225px) 100vw, 225px\" \/> <img loading=\"lazy\" decoding=\"async\" class=\"alignnone size-medium wp-image-120\" src=\"http:\/\/margarete-blank-gedenkstaette.com\/wp-content\/uploads\/2020\/02\/X-IMG_4632-Petra-Lau-222x300.jpg\" alt=\"\" width=\"222\" height=\"300\" srcset=\"http:\/\/margarete-blank-gedenkstaette.com\/wp-content\/uploads\/2020\/02\/X-IMG_4632-Petra-Lau-222x300.jpg 222w, http:\/\/margarete-blank-gedenkstaette.com\/wp-content\/uploads\/2020\/02\/X-IMG_4632-Petra-Lau-756x1024.jpg 756w, http:\/\/margarete-blank-gedenkstaette.com\/wp-content\/uploads\/2020\/02\/X-IMG_4632-Petra-Lau-768x1040.jpg 768w, http:\/\/margarete-blank-gedenkstaette.com\/wp-content\/uploads\/2020\/02\/X-IMG_4632-Petra-Lau-1134x1536.jpg 1134w, http:\/\/margarete-blank-gedenkstaette.com\/wp-content\/uploads\/2020\/02\/X-IMG_4632-Petra-Lau-1512x2048.jpg 1512w, http:\/\/margarete-blank-gedenkstaette.com\/wp-content\/uploads\/2020\/02\/X-IMG_4632-Petra-Lau-scaled.jpg 1890w\" sizes=\"auto, (max-width: 222px) 100vw, 222px\" \/> <img loading=\"lazy\" decoding=\"async\" class=\"alignnone size-medium wp-image-119\" src=\"http:\/\/margarete-blank-gedenkstaette.com\/wp-content\/uploads\/2020\/02\/X-IMG_4622-B\u00fcrgermeister-300x168.jpg\" alt=\"\" width=\"300\" height=\"168\" srcset=\"http:\/\/margarete-blank-gedenkstaette.com\/wp-content\/uploads\/2020\/02\/X-IMG_4622-B\u00fcrgermeister-300x168.jpg 300w, http:\/\/margarete-blank-gedenkstaette.com\/wp-content\/uploads\/2020\/02\/X-IMG_4622-B\u00fcrgermeister-1024x575.jpg 1024w, http:\/\/margarete-blank-gedenkstaette.com\/wp-content\/uploads\/2020\/02\/X-IMG_4622-B\u00fcrgermeister-768x431.jpg 768w, http:\/\/margarete-blank-gedenkstaette.com\/wp-content\/uploads\/2020\/02\/X-IMG_4622-B\u00fcrgermeister-1536x862.jpg 1536w, http:\/\/margarete-blank-gedenkstaette.com\/wp-content\/uploads\/2020\/02\/X-IMG_4622-B\u00fcrgermeister-2048x1150.jpg 2048w\" sizes=\"auto, (max-width: 300px) 100vw, 300px\" \/> <img loading=\"lazy\" decoding=\"async\" class=\"alignnone size-medium wp-image-118\" src=\"http:\/\/margarete-blank-gedenkstaette.com\/wp-content\/uploads\/2020\/02\/X-IMG_4599-Gedenkstein-163x300.jpg\" alt=\"\" width=\"163\" height=\"300\" srcset=\"http:\/\/margarete-blank-gedenkstaette.com\/wp-content\/uploads\/2020\/02\/X-IMG_4599-Gedenkstein-163x300.jpg 163w, http:\/\/margarete-blank-gedenkstaette.com\/wp-content\/uploads\/2020\/02\/X-IMG_4599-Gedenkstein-555x1024.jpg 555w, http:\/\/margarete-blank-gedenkstaette.com\/wp-content\/uploads\/2020\/02\/X-IMG_4599-Gedenkstein-768x1417.jpg 768w, http:\/\/margarete-blank-gedenkstaette.com\/wp-content\/uploads\/2020\/02\/X-IMG_4599-Gedenkstein-832x1536.jpg 832w, http:\/\/margarete-blank-gedenkstaette.com\/wp-content\/uploads\/2020\/02\/X-IMG_4599-Gedenkstein-1110x2048.jpg 1110w, http:\/\/margarete-blank-gedenkstaette.com\/wp-content\/uploads\/2020\/02\/X-IMG_4599-Gedenkstein-scaled.jpg 1387w\" sizes=\"auto, (max-width: 163px) 100vw, 163px\" \/> <img loading=\"lazy\" decoding=\"async\" class=\"alignnone size-medium wp-image-117\" src=\"http:\/\/margarete-blank-gedenkstaette.com\/wp-content\/uploads\/2020\/02\/X-IMG_4644-Blank-Haus-Tafel-300x168.jpg\" alt=\"\" width=\"300\" height=\"168\" \/><\/p>\n<p>&nbsp;<\/p>\n<\/div>\n","protected":false},"excerpt":{"rendered":"<p>Wir ehren am 75. Jahrestag der Ermordung durch die Nationalsozialisten die engagierte \u00c4rztin, Christin und Humanistin Margarete Viktoria Blank. Sie leistete gegen\u00fcber dem verbrecherischen, unmenschlichen System des Nationalsozialismus Widerstand und bewies damit gro\u00dfen Mut und tiefe Menschlichkeit. Der Dr. Margarete-Blank-Verein Panitzsch lud zu Gedenkveranstaltungen ein: am 07.02 um 15 Uhr Ehrenhain S\u00fcdfriedhof Leipzig am 08.02. &hellip; <\/p>\n<p class=\"link-more\"><a href=\"http:\/\/margarete-blank-gedenkstaette.com\/?p=123\" class=\"more-link\"><span class=\"screen-reader-text\">\u201e75. Jahrestag der Ermordung Dr. Margarete Blanks durch die Nationalsozialisten\u201c <\/span>weiterlesen<\/a><\/p>\n","protected":false},"author":1,"featured_media":116,"comment_status":"open","ping_status":"open","sticky":false,"template":"","format":"standard","meta":{"footnotes":""},"categories":[1],"tags":[],"class_list":["post-123","post","type-post","status-publish","format-standard","has-post-thumbnail","hentry","category-uncategorized"],"_links":{"self":[{"href":"http:\/\/margarete-blank-gedenkstaette.com\/index.php?rest_route=\/wp\/v2\/posts\/123","targetHints":{"allow":["GET"]}}],"collection":[{"href":"http:\/\/margarete-blank-gedenkstaette.com\/index.php?rest_route=\/wp\/v2\/posts"}],"about":[{"href":"http:\/\/margarete-blank-gedenkstaette.com\/index.php?rest_route=\/wp\/v2\/types\/post"}],"author":[{"embeddable":true,"href":"http:\/\/margarete-blank-gedenkstaette.com\/index.php?rest_route=\/wp\/v2\/users\/1"}],"replies":[{"embeddable":true,"href":"http:\/\/margarete-blank-gedenkstaette.com\/index.php?rest_route=%2Fwp%2Fv2%2Fcomments&post=123"}],"version-history":[{"count":3,"href":"http:\/\/margarete-blank-gedenkstaette.com\/index.php?rest_route=\/wp\/v2\/posts\/123\/revisions"}],"predecessor-version":[{"id":127,"href":"http:\/\/margarete-blank-gedenkstaette.com\/index.php?rest_route=\/wp\/v2\/posts\/123\/revisions\/127"}],"wp:featuredmedia":[{"embeddable":true,"href":"http:\/\/margarete-blank-gedenkstaette.com\/index.php?rest_route=\/wp\/v2\/media\/116"}],"wp:attachment":[{"href":"http:\/\/margarete-blank-gedenkstaette.com\/index.php?rest_route=%2Fwp%2Fv2%2Fmedia&parent=123"}],"wp:term":[{"taxonomy":"category","embeddable":true,"href":"http:\/\/margarete-blank-gedenkstaette.com\/index.php?rest_route=%2Fwp%2Fv2%2Fcategories&post=123"},{"taxonomy":"post_tag","embeddable":true,"href":"http:\/\/margarete-blank-gedenkstaette.com\/index.php?rest_route=%2Fwp%2Fv2%2Ftags&post=123"}],"curies":[{"name":"wp","href":"https:\/\/api.w.org\/{rel}","templated":true}]}}