{"id":173,"date":"2020-07-03T09:24:49","date_gmt":"2020-07-03T09:24:49","guid":{"rendered":"http:\/\/margarete-blank-gedenkstaette.com\/?p=173"},"modified":"2020-07-03T09:24:49","modified_gmt":"2020-07-03T09:24:49","slug":"untragbare-aeusserungen-des-amtierenden-geschaeftsfuehrers-der-stiftung-saechsische-gedenkstaetten-muessen-konsequenzen-haben","status":"publish","type":"post","link":"http:\/\/margarete-blank-gedenkstaette.com\/?p=173","title":{"rendered":"UNTRAGBARE \u00c4USSERUNGEN DES AMTIERENDEN GESCH\u00c4FTSF\u00dcHRERS DER STIFTUNG S\u00c4CHSISCHE GEDENKST\u00c4TTEN M\u00dcSSEN KONSEQUENZEN HABEN"},"content":{"rendered":"<p><a href=\"http:\/\/margarete-blank-gedenkstaette.com\/wp-content\/uploads\/2020\/07\/2020-07-01-PM-\u00c4u\u00dferungen-Reiprich.pdf\"><strong>Auch wir als <\/strong><strong>Dr.-Margarete-Blank-Gedenkst\u00e4tte Panitzsch e. V. <\/strong><strong>und Mitglied der sLAG schlie\u00dfen uns vollumf\u00e4nglich dem Statement an, und m\u00f6chten es Euch nicht vorenthalten:<\/strong><\/a><\/p>\n<p>Der Gesch\u00e4ftsf\u00fchrer der Stiftung S\u00e4chsische Gedenkst\u00e4tten, Siegfried Reiprich, \u00e4u\u00dferte sich j\u00fcngst auf seinem privaten Twitter-Account zu tagesaktuellen Geschehnissen in einer Weise, die dieses Amtes nicht angemessen ist. In einem Tweet vom 29. Juni 2020 r\u00fcckte Reiprich die Randale in Stuttgart in die N\u00e4he der antisemitischen Novemberpogrome von 1938, in dem er die Ausschreitungen als \u201eBundeskristallnacht\u201c bezeichnete. Am Tag darauf verbreitete er die rassistische Behauptung, dass Wei\u00dfe in Europa bald einer Minderheit angeh\u00f6ren w\u00fcrden. Bereits in der Vergangenheit ist Reiprich mit Tweets \u00e4hnlicher Sto\u00dfrichtung negativ aufgefallen. Uwe Hirschfeld, Sprecher der sLAG und Mitglied des Stiftungsrates der Stiftung S\u00e4chsische Gedenkst\u00e4tten, macht deutlich: <em><strong>\u201eDiese \u00c4u\u00dferungen sind untragbar. Der Vergleich der Stuttgarter Ausschreitungen mit den staatlich organisierten und gelenkten Novemberpogromen, bei denen 800 J\u00fcdinnen und Juden starben, 30.000 in Konzentrationslager gesperrt und \u00fcber 1.400 Synagogen, Wohnungen und j\u00fcdischen Friedh\u00f6fe zerst\u00f6rt wurden, ist in hohem Ma\u00dfe geschichtsvergessen und relativiert die Verbrechen des NS-Regimes. Als Gesch\u00e4ftsf\u00fchrer der Stiftung S\u00e4chsische Gedenkst\u00e4tten ist es die Aufgabe von Herrn Reiprich, das Gedenken an die Opfer des <\/strong><\/em><em><strong>Nationalsozialismus aufrecht zu erhalten. Jemand, der nicht nur mit fragw\u00fcrdigen Vergleichen argumentiert, sondern durch das Verbreiten rassistischer Versatzst\u00fccke von einer k\u00fcnftigen angeblichen \u201ewei\u00dfen Minderheit\u201c<\/strong><\/em> rechte Diskurse st\u00e4rkt, ist dieses Amtes nicht w\u00fcrdig.\u201c Josephine Ulbricht, Sprecherin der sLAG und Mitarbeiterin der Gedenkst\u00e4tte f\u00fcr Zwangsarbeit Leipzig erkl\u00e4rt dazu: \u201eDie \u00c4u\u00dferungen des Gesch\u00e4ftsf\u00fchrers der Stiftung S\u00e4chsische Gedenkst\u00e4tten sind ein Affront gegen\u00fcber allen, die sich tagt\u00e4glich mit ihrer Arbeit in Gedenkst\u00e4tten und in der historisch-politischen Bildung \u2013 sei es beruflich oder ehrenamtlich \u2013 gegen Rassismus, Antisemitismus und f\u00fcr demokratische Werte einsetzen. Er besch\u00e4digt damit das Ansehen der Stiftung und der Gedenkst\u00e4tten in Sachsen. Den Opfern der nationalsozialistischen Gewaltherrschaft und ihren Nachfahren, die uns in unseren Einrichtungen besuchen, sind solche besch\u00e4menden Aussagen nicht zu vermitteln.\u201c Angesichts wiederholter Entgleisungen fordern die sLAG, das FORUM der Landesarbeitsgemeinschaften,der Gedenkst\u00e4tten, Erinnerungsorte und -initiativen in Deutschland sowie die AG der KZ-Gedenkst\u00e4tten in der Bundesrepublik Deutschland die Gremien der Stiftung S\u00e4chsische Gedenkst\u00e4tten sowie die politisch zust\u00e4ndigen Entscheidungstr\u00e4ger*innen zu einer erkl\u00e4renden Stellungnahme und zu personellen Konsequenzen auf.<\/p>\n<p><strong>Daniela Schmohl, Josephine Ulbricht, Uwe Hirschfeld<\/strong><br \/>\n<strong>Sprecher*innen<\/strong><br \/>\n<strong>sLAG \u2013 s\u00e4chsische Landesarbeitsgemeinschaft Auseinandersetzung mit dem Nationalsozialismus<\/strong><\/p>\n<p><strong>Dr. Rainer Stommer, Dr. Harald Schmid, Kirsten John-Stucke, Andreas Ehresmann<\/strong><br \/>\n<strong>Sprecher*innen <\/strong><br \/>\n<strong>FORUM der Landesarbeitsgemeinschaften, der Gedenkst\u00e4tten, Erinnerungsorte und -initiativen in Deutschland<\/strong><\/p>\n<p><strong>Dr. Jens-Christian Wagner<\/strong><br \/>\n<strong>Sprecher <\/strong><br \/>\n<strong>AG der KZ-Gedenkst\u00e4tten in der Bundesrepublik Deutschland<\/strong><\/p>\n","protected":false},"excerpt":{"rendered":"<p>Auch wir als Dr.-Margarete-Blank-Gedenkst\u00e4tte Panitzsch e. V. und Mitglied der sLAG schlie\u00dfen uns vollumf\u00e4nglich dem Statement an, und m\u00f6chten es Euch nicht vorenthalten: Der Gesch\u00e4ftsf\u00fchrer der Stiftung S\u00e4chsische Gedenkst\u00e4tten, Siegfried Reiprich, \u00e4u\u00dferte sich j\u00fcngst auf seinem privaten Twitter-Account zu tagesaktuellen Geschehnissen in einer Weise, die dieses Amtes nicht angemessen ist. In einem Tweet vom 29. &hellip; <\/p>\n<p class=\"link-more\"><a href=\"http:\/\/margarete-blank-gedenkstaette.com\/?p=173\" class=\"more-link\"><span class=\"screen-reader-text\">\u201eUNTRAGBARE \u00c4USSERUNGEN DES AMTIERENDEN GESCH\u00c4FTSF\u00dcHRERS DER STIFTUNG S\u00c4CHSISCHE GEDENKST\u00c4TTEN M\u00dcSSEN KONSEQUENZEN HABEN\u201c <\/span>weiterlesen<\/a><\/p>\n","protected":false},"author":1,"featured_media":0,"comment_status":"open","ping_status":"open","sticky":false,"template":"","format":"standard","meta":{"footnotes":""},"categories":[1],"tags":[],"class_list":["post-173","post","type-post","status-publish","format-standard","hentry","category-uncategorized"],"_links":{"self":[{"href":"http:\/\/margarete-blank-gedenkstaette.com\/index.php?rest_route=\/wp\/v2\/posts\/173","targetHints":{"allow":["GET"]}}],"collection":[{"href":"http:\/\/margarete-blank-gedenkstaette.com\/index.php?rest_route=\/wp\/v2\/posts"}],"about":[{"href":"http:\/\/margarete-blank-gedenkstaette.com\/index.php?rest_route=\/wp\/v2\/types\/post"}],"author":[{"embeddable":true,"href":"http:\/\/margarete-blank-gedenkstaette.com\/index.php?rest_route=\/wp\/v2\/users\/1"}],"replies":[{"embeddable":true,"href":"http:\/\/margarete-blank-gedenkstaette.com\/index.php?rest_route=%2Fwp%2Fv2%2Fcomments&post=173"}],"version-history":[{"count":1,"href":"http:\/\/margarete-blank-gedenkstaette.com\/index.php?rest_route=\/wp\/v2\/posts\/173\/revisions"}],"predecessor-version":[{"id":175,"href":"http:\/\/margarete-blank-gedenkstaette.com\/index.php?rest_route=\/wp\/v2\/posts\/173\/revisions\/175"}],"wp:attachment":[{"href":"http:\/\/margarete-blank-gedenkstaette.com\/index.php?rest_route=%2Fwp%2Fv2%2Fmedia&parent=173"}],"wp:term":[{"taxonomy":"category","embeddable":true,"href":"http:\/\/margarete-blank-gedenkstaette.com\/index.php?rest_route=%2Fwp%2Fv2%2Fcategories&post=173"},{"taxonomy":"post_tag","embeddable":true,"href":"http:\/\/margarete-blank-gedenkstaette.com\/index.php?rest_route=%2Fwp%2Fv2%2Ftags&post=173"}],"curies":[{"name":"wp","href":"https:\/\/api.w.org\/{rel}","templated":true}]}}