{"id":195,"date":"2020-09-20T16:56:07","date_gmt":"2020-09-20T16:56:07","guid":{"rendered":"http:\/\/margarete-blank-gedenkstaette.com\/?p=195"},"modified":"2020-09-20T17:19:54","modified_gmt":"2020-09-20T17:19:54","slug":"danke-fuer-euer-kommen","status":"publish","type":"post","link":"http:\/\/margarete-blank-gedenkstaette.com\/?p=195","title":{"rendered":"Danke f\u00fcr euer Kommen!"},"content":{"rendered":"<p>Gerne m\u00f6chte wir uns noch einmal bei euch f\u00fcr die \u00fcberw\u00e4ltige Resonanz unser Veranstaltung vom letzten Freitag bedanken!<br \/>\n<img loading=\"lazy\" decoding=\"async\" class=\"alignnone size-medium wp-image-207\" src=\"http:\/\/margarete-blank-gedenkstaette.com\/wp-content\/uploads\/2020\/09\/F3244401-7864-48DF-BDC7-8963B22AAB80-300x201.jpeg\" alt=\"\" width=\"300\" height=\"201\" srcset=\"http:\/\/margarete-blank-gedenkstaette.com\/wp-content\/uploads\/2020\/09\/F3244401-7864-48DF-BDC7-8963B22AAB80-300x201.jpeg 300w, http:\/\/margarete-blank-gedenkstaette.com\/wp-content\/uploads\/2020\/09\/F3244401-7864-48DF-BDC7-8963B22AAB80.jpeg 736w\" sizes=\"auto, (max-width: 300px) 100vw, 300px\" \/><\/p>\n","protected":false},"excerpt":{"rendered":"<p>Gerne m\u00f6chte wir uns noch einmal bei euch f\u00fcr die \u00fcberw\u00e4ltige Resonanz unser Veranstaltung vom letzten Freitag bedanken!<\/p>\n","protected":false},"author":1,"featured_media":196,"comment_status":"open","ping_status":"open","sticky":false,"template":"","format":"standard","meta":{"footnotes":""},"categories":[1],"tags":[],"class_list":["post-195","post","type-post","status-publish","format-standard","has-post-thumbnail","hentry","category-uncategorized"],"_links":{"self":[{"href":"http:\/\/margarete-blank-gedenkstaette.com\/index.php?rest_route=\/wp\/v2\/posts\/195","targetHints":{"allow":["GET"]}}],"collection":[{"href":"http:\/\/margarete-blank-gedenkstaette.com\/index.php?rest_route=\/wp\/v2\/posts"}],"about":[{"href":"http:\/\/margarete-blank-gedenkstaette.com\/index.php?rest_route=\/wp\/v2\/types\/post"}],"author":[{"embeddable":true,"href":"http:\/\/margarete-blank-gedenkstaette.com\/index.php?rest_route=\/wp\/v2\/users\/1"}],"replies":[{"embeddable":true,"href":"http:\/\/margarete-blank-gedenkstaette.com\/index.php?rest_route=%2Fwp%2Fv2%2Fcomments&post=195"}],"version-history":[{"count":3,"href":"http:\/\/margarete-blank-gedenkstaette.com\/index.php?rest_route=\/wp\/v2\/posts\/195\/revisions"}],"predecessor-version":[{"id":208,"href":"http:\/\/margarete-blank-gedenkstaette.com\/index.php?rest_route=\/wp\/v2\/posts\/195\/revisions\/208"}],"wp:featuredmedia":[{"embeddable":true,"href":"http:\/\/margarete-blank-gedenkstaette.com\/index.php?rest_route=\/wp\/v2\/media\/196"}],"wp:attachment":[{"href":"http:\/\/margarete-blank-gedenkstaette.com\/index.php?rest_route=%2Fwp%2Fv2%2Fmedia&parent=195"}],"wp:term":[{"taxonomy":"category","embeddable":true,"href":"http:\/\/margarete-blank-gedenkstaette.com\/index.php?rest_route=%2Fwp%2Fv2%2Fcategories&post=195"},{"taxonomy":"post_tag","embeddable":true,"href":"http:\/\/margarete-blank-gedenkstaette.com\/index.php?rest_route=%2Fwp%2Fv2%2Ftags&post=195"}],"curies":[{"name":"wp","href":"https:\/\/api.w.org\/{rel}","templated":true}]}}