{"id":221,"date":"2021-01-12T22:52:58","date_gmt":"2021-01-12T22:52:58","guid":{"rendered":"http:\/\/margarete-blank-gedenkstaette.com\/?p=221"},"modified":"2021-01-12T22:55:57","modified_gmt":"2021-01-12T22:55:57","slug":"die-toten-mahnen-uns","status":"publish","type":"post","link":"http:\/\/margarete-blank-gedenkstaette.com\/?p=221","title":{"rendered":"Die Toten mahnen uns!"},"content":{"rendered":"<p>Gestern fand anl\u00e4sslich des 76. Jahrestages der Hinrichtung des Leipziger Widerstands unser Gedenken statt. Diesmal aufgrund von Corona nicht wie in gewohnter Form, sondern in kleinen Gruppen an verschiedenen Orten. Danke Rote Wende Leipzig, dass ihr schon am Sonntag da wart, und w\u00fcrdig dieser aufrichtigen Leipziger AntifaschistInnen gedacht habt. Danke f\u00fcr die vielen Bilder! Hoffen wir, dass wir wieder im n\u00e4chsten Jahr gemeinsam in gr\u00f6\u00dferer Form zusammen gedenken k\u00f6nnen.<\/p>\n","protected":false},"excerpt":{"rendered":"<p>Gestern fand anl\u00e4sslich des 76. Jahrestages der Hinrichtung des Leipziger Widerstands unser Gedenken statt. Diesmal aufgrund von Corona nicht wie in gewohnter Form, sondern in kleinen Gruppen an verschiedenen Orten. Danke Rote Wende Leipzig, dass ihr schon am Sonntag da wart, und w\u00fcrdig dieser aufrichtigen Leipziger AntifaschistInnen gedacht habt. Danke f\u00fcr die vielen Bilder! Hoffen &hellip; <\/p>\n<p class=\"link-more\"><a href=\"http:\/\/margarete-blank-gedenkstaette.com\/?p=221\" class=\"more-link\"><span class=\"screen-reader-text\">\u201eDie Toten mahnen uns!\u201c <\/span>weiterlesen<\/a><\/p>\n","protected":false},"author":1,"featured_media":222,"comment_status":"open","ping_status":"open","sticky":false,"template":"","format":"standard","meta":{"footnotes":""},"categories":[1],"tags":[],"class_list":["post-221","post","type-post","status-publish","format-standard","has-post-thumbnail","hentry","category-uncategorized"],"_links":{"self":[{"href":"http:\/\/margarete-blank-gedenkstaette.com\/index.php?rest_route=\/wp\/v2\/posts\/221","targetHints":{"allow":["GET"]}}],"collection":[{"href":"http:\/\/margarete-blank-gedenkstaette.com\/index.php?rest_route=\/wp\/v2\/posts"}],"about":[{"href":"http:\/\/margarete-blank-gedenkstaette.com\/index.php?rest_route=\/wp\/v2\/types\/post"}],"author":[{"embeddable":true,"href":"http:\/\/margarete-blank-gedenkstaette.com\/index.php?rest_route=\/wp\/v2\/users\/1"}],"replies":[{"embeddable":true,"href":"http:\/\/margarete-blank-gedenkstaette.com\/index.php?rest_route=%2Fwp%2Fv2%2Fcomments&post=221"}],"version-history":[{"count":1,"href":"http:\/\/margarete-blank-gedenkstaette.com\/index.php?rest_route=\/wp\/v2\/posts\/221\/revisions"}],"predecessor-version":[{"id":223,"href":"http:\/\/margarete-blank-gedenkstaette.com\/index.php?rest_route=\/wp\/v2\/posts\/221\/revisions\/223"}],"wp:featuredmedia":[{"embeddable":true,"href":"http:\/\/margarete-blank-gedenkstaette.com\/index.php?rest_route=\/wp\/v2\/media\/222"}],"wp:attachment":[{"href":"http:\/\/margarete-blank-gedenkstaette.com\/index.php?rest_route=%2Fwp%2Fv2%2Fmedia&parent=221"}],"wp:term":[{"taxonomy":"category","embeddable":true,"href":"http:\/\/margarete-blank-gedenkstaette.com\/index.php?rest_route=%2Fwp%2Fv2%2Fcategories&post=221"},{"taxonomy":"post_tag","embeddable":true,"href":"http:\/\/margarete-blank-gedenkstaette.com\/index.php?rest_route=%2Fwp%2Fv2%2Ftags&post=221"}],"curies":[{"name":"wp","href":"https:\/\/api.w.org\/{rel}","templated":true}]}}