{"id":243,"date":"2021-05-01T16:51:06","date_gmt":"2021-05-01T16:51:06","guid":{"rendered":"http:\/\/margarete-blank-gedenkstaette.com\/?p=243"},"modified":"2021-05-01T16:51:06","modified_gmt":"2021-05-01T16:51:06","slug":"veranstaltungshinweis-gedenken-an-die-opfer-der-todesmaersche-1945","status":"publish","type":"post","link":"http:\/\/margarete-blank-gedenkstaette.com\/?p=243","title":{"rendered":"Veranstaltungshinweis: Gedenken an die Opfer der Todesm\u00e4rsche 1945"},"content":{"rendered":"<p><strong>Das NDK veranstaltet zusammen u.a. mit dem VVN-BdA Leipzig und der Dr.-Margarete-Blank-Gedenkst\u00e4tte Panitzsch:<\/strong><\/p>\n<p>Mit dem j\u00e4hrlich stattfindenden Gedenktag am Sonntag vor dem 8. Mai, dem Tag der Befreiung vom Faschismus, soll an tausende H\u00e4ftlinge erinnert werden, die von SS und Gestapo in den letzten Kriegstagen aus Leipziger und umliegenden Zwangsarbeits- und Konzentrationslagern auf lange, oft ziellose M\u00e4rsche, auch durch das Muldental, gehetzt wurden. Viele \u00fcberlebten die Qualen nicht, starben vor Hunger und Durst, an v\u00f6lliger Entkr\u00e4ftung und durch die Sch\u00fcsse der SS-Wachen.<\/p>\n<p>Bereits ab 2000 findet j\u00e4hrlich diese Gedenkveranstaltung statt, bis vor einigen Jahren sogar als Gedenkmarsch entlang jener Strecke, die damals die H\u00e4ftlinge gehen mussten.<\/p>\n<p>In diesem Jahr, zum 22. Mal, werden lediglich station\u00e4re Gedenken stattfinden k\u00f6nnen, da aufgrund der Coronapandemie keine mobilen Versammlungen m\u00f6glich sind. \u201eBeginnen werden wir dieses Jahr in Panitzsch an der Gedenkst\u00e4tte f\u00fcr Dr. Margarete Blank. Dort wird Dr. Petra Lau als Leiterin einige Worte an die teilnehmenden richten und \u00fcber das Schicksal von Margarete Blank berichten.\u201c, sagt Mitinitiator Ingo Stange und erg\u00e4nzt: \u201eAm Haus werden wir einen Rosenstock pflanzen, weil dies mittlerweile Tradition in der Gedenkst\u00e4tte ist.\u201c Weitere Orte sind Gerichshain, Machern, Bennewitz und Wurzen. Dort wird es die M\u00f6glichkeit geben, Blumen und Gebinde an den beiden Gr\u00e4bern von Zwangsarbeitern und auf den Todesm\u00e4rschen umgekommenen H\u00e4ftlingen niederzulegen. Die Strecken zwischen den jeweiligen Orten m\u00fcssen individuell zur\u00fcckgelegt werden und sind nicht Teil der Versammlungen.<\/p>\n<h2><strong>Ablauf am 2. Mai 2021<\/strong><\/h2>\n<p><strong>Panitzsch<\/strong>, Dr.- Margarete &#8211; Blank &#8211; Gedenkst\u00e4tte (Dr.-Margarete-Blank-Stra\u00dfe 9)<br \/>\n9.30 Uhr Er\u00f6ffnung<\/p>\n<p><strong>Gerichshain<\/strong>, vor der Kirche (Seitenstra\u00dfe 1)<br \/>\n10.15 Uhr<\/p>\n<p><strong>Machern<\/strong>, Parkplatz an der Leipziger Stra\u00dfe (Bahnhofsparkplatz)<br \/>\n11 Uhr<\/p>\n<p><strong>Bennewitz<\/strong>\u00a0Gedenkstein am Freizeithaus (Dorfstra\u00dfe 29)<br \/>\n11.50 Uhr Blumen niederlegen am Gedenkstein<\/p>\n<p><strong>Wurzen<\/strong>\u00a0Friedhof, Dresdener Stra\u00dfe<br \/>\n12.30 Uhr Gedenken und Blumen niederlegen an den beiden Gr\u00e4bern der Opfer<br \/>\nEnde der Veranstaltung gegen 13.00 Uhr<\/p>\n<p><strong>Wir bitten sehr um die Einhaltung der Corona-Hygieneregeln und bitten einen Mindestabstand von 1,50 m zu halten und eine medizinische Mund-Nasen-Bedeckung zu tragen.<\/strong><\/p>\n","protected":false},"excerpt":{"rendered":"<p>Das NDK veranstaltet zusammen u.a. mit dem VVN-BdA Leipzig und der Dr.-Margarete-Blank-Gedenkst\u00e4tte Panitzsch: Mit dem j\u00e4hrlich stattfindenden Gedenktag am Sonntag vor dem 8. Mai, dem Tag der Befreiung vom Faschismus, soll an tausende H\u00e4ftlinge erinnert werden, die von SS und Gestapo in den letzten Kriegstagen aus Leipziger und umliegenden Zwangsarbeits- und Konzentrationslagern auf lange, oft &hellip; <\/p>\n<p class=\"link-more\"><a href=\"http:\/\/margarete-blank-gedenkstaette.com\/?p=243\" class=\"more-link\"><span class=\"screen-reader-text\">\u201eVeranstaltungshinweis: Gedenken an die Opfer der Todesm\u00e4rsche 1945\u201c <\/span>weiterlesen<\/a><\/p>\n","protected":false},"author":1,"featured_media":244,"comment_status":"open","ping_status":"open","sticky":false,"template":"","format":"standard","meta":{"footnotes":""},"categories":[1],"tags":[],"class_list":["post-243","post","type-post","status-publish","format-standard","has-post-thumbnail","hentry","category-uncategorized"],"_links":{"self":[{"href":"http:\/\/margarete-blank-gedenkstaette.com\/index.php?rest_route=\/wp\/v2\/posts\/243","targetHints":{"allow":["GET"]}}],"collection":[{"href":"http:\/\/margarete-blank-gedenkstaette.com\/index.php?rest_route=\/wp\/v2\/posts"}],"about":[{"href":"http:\/\/margarete-blank-gedenkstaette.com\/index.php?rest_route=\/wp\/v2\/types\/post"}],"author":[{"embeddable":true,"href":"http:\/\/margarete-blank-gedenkstaette.com\/index.php?rest_route=\/wp\/v2\/users\/1"}],"replies":[{"embeddable":true,"href":"http:\/\/margarete-blank-gedenkstaette.com\/index.php?rest_route=%2Fwp%2Fv2%2Fcomments&post=243"}],"version-history":[{"count":1,"href":"http:\/\/margarete-blank-gedenkstaette.com\/index.php?rest_route=\/wp\/v2\/posts\/243\/revisions"}],"predecessor-version":[{"id":245,"href":"http:\/\/margarete-blank-gedenkstaette.com\/index.php?rest_route=\/wp\/v2\/posts\/243\/revisions\/245"}],"wp:featuredmedia":[{"embeddable":true,"href":"http:\/\/margarete-blank-gedenkstaette.com\/index.php?rest_route=\/wp\/v2\/media\/244"}],"wp:attachment":[{"href":"http:\/\/margarete-blank-gedenkstaette.com\/index.php?rest_route=%2Fwp%2Fv2%2Fmedia&parent=243"}],"wp:term":[{"taxonomy":"category","embeddable":true,"href":"http:\/\/margarete-blank-gedenkstaette.com\/index.php?rest_route=%2Fwp%2Fv2%2Fcategories&post=243"},{"taxonomy":"post_tag","embeddable":true,"href":"http:\/\/margarete-blank-gedenkstaette.com\/index.php?rest_route=%2Fwp%2Fv2%2Ftags&post=243"}],"curies":[{"name":"wp","href":"https:\/\/api.w.org\/{rel}","templated":true}]}}