{"id":284,"date":"2025-01-24T14:46:15","date_gmt":"2025-01-24T14:46:15","guid":{"rendered":"http:\/\/margarete-blank-gedenkstaette.com\/?p=284"},"modified":"2026-03-10T19:42:12","modified_gmt":"2026-03-10T19:42:12","slug":"veranstaltung-zum-80-jahrestag-der-ermordung-von-margarete-blank-spendenaufruf-gedenkstaette","status":"publish","type":"post","link":"http:\/\/margarete-blank-gedenkstaette.com\/?p=284","title":{"rendered":"Veranstaltung zum 80. Jahrestag der Ermordung von Margarete Blank \/ Spendenaufruf Gedenkst\u00e4tte"},"content":{"rendered":"<p><span style=\"font-weight: 400;\">Liebe Freunde,<\/span><\/p>\n<p style=\"font-weight: 400;\">wir sind ein kleiner Verein in Panitzsch bei Leipzig und ben\u00f6tigen dringend Spenden. Unser Verein tr\u00e4gt den Namen Dr.-Margarete-Blank. Sie hatte bis zur Ihrer Verhaftung durch die Gestapo als Land\u00e4rztin gearbeitet und wurde Opfer einer Denunziation durch einen Berufskollegen. Dr. Blank starb am 08. Februar 1945 unter dem Fallbeil in Dresden,wenige Stunden vor Beginn der Luftangriffe auf die Stadt. Margarete Blank wurde nur 44 Jahre alt. Als \u00c4rztin, Christin und Humanistin lehnte sie das nationalsozialistische Verbrecherregime entschieden ab und leistete mit ihren Mitteln als \u00c4rztin Widerstand gegen dieses verbrecherische Regime.<\/p>\n<p style=\"font-weight: 400;\">Unser Verein ist um die Erhaltung und Sanierung des\u00a0 ehemaligen kleinen Holzhauses von Margarete Blank bem\u00fcht und wir wollen im Haus nicht nur die Erinnerung an Margarete Blank bewahren, sondern es soll wieder\u00a0 ein Ort der Begegnungen,der Gespr\u00e4che und vielf\u00e4ltiger Veranstaltungen auch im Garten der Gedenkst\u00e4tte werden.Am 08. Februar um 15 Uhr\u00a0 findet eine Gedenkveranstaltung der Gemeinde und unseres Vereins zum 80. Jahrestag der Ermordung von Margarete Blank in der Kirche in Panitzsch\u00a0 statt.<\/p>\n<p style=\"font-weight: 400;\">F\u00fcr Spenden:<br \/>\n<b><strong>Kontoverbindung:<\/strong><\/b><br style=\"font-weight: 400;\" \/><b><strong>IBAN:\u00a0<\/strong><\/b><span style=\"font-weight: 400;\">DE92830654080004288700<br \/>\n<\/span><b><strong>BIC:\u00a0<\/strong><\/b><span style=\"font-weight: 400;\">GENODEF1SLR<\/span><\/p>\n<p style=\"font-weight: 400;\"><b><strong>E-Mail:\u00a0<\/strong><\/b><a style=\"font-weight: 400;\" href=\"mailto:kontakt@margarete-blank-gedenkstaette.com\">kontakt@margarete-blank-gedenkstaette.com<\/a><br style=\"font-weight: 400;\" \/><b><strong>Internet:\u00a0<\/strong><\/b><a style=\"font-weight: 400;\" href=\"http:\/\/margarete-blank-gedenkstaette.com\/\">www.margarete-blank-gedenkstaette.com<\/a><\/p>\n<p style=\"font-weight: 400;\">Herzliche Gr\u00fc\u00dfe<\/p>\n<p style=\"font-weight: 400; text-align: center;\">Dr. Petra Lau (Vorsitzende)<br \/>\nNyke Mika Lou A\u00dfhauer (Stv. Vorsitzender)<br \/>\nHenry Lewkowitz (Schatzmeister)<\/p>\n","protected":false},"excerpt":{"rendered":"<p>Liebe Freunde, wir sind ein kleiner Verein in Panitzsch bei Leipzig und ben\u00f6tigen dringend Spenden. Unser Verein tr\u00e4gt den Namen Dr.-Margarete-Blank. Sie hatte bis zur Ihrer Verhaftung durch die Gestapo als Land\u00e4rztin gearbeitet und wurde Opfer einer Denunziation durch einen Berufskollegen. Dr. Blank starb am 08. Februar 1945 unter dem Fallbeil in Dresden,wenige Stunden vor &hellip; <\/p>\n<p class=\"link-more\"><a href=\"http:\/\/margarete-blank-gedenkstaette.com\/?p=284\" class=\"more-link\"><span class=\"screen-reader-text\">\u201eVeranstaltung zum 80. Jahrestag der Ermordung von Margarete Blank \/ Spendenaufruf Gedenkst\u00e4tte\u201c <\/span>weiterlesen<\/a><\/p>\n","protected":false},"author":1,"featured_media":0,"comment_status":"open","ping_status":"open","sticky":false,"template":"","format":"standard","meta":{"footnotes":""},"categories":[1],"tags":[],"class_list":["post-284","post","type-post","status-publish","format-standard","hentry","category-uncategorized"],"_links":{"self":[{"href":"http:\/\/margarete-blank-gedenkstaette.com\/index.php?rest_route=\/wp\/v2\/posts\/284","targetHints":{"allow":["GET"]}}],"collection":[{"href":"http:\/\/margarete-blank-gedenkstaette.com\/index.php?rest_route=\/wp\/v2\/posts"}],"about":[{"href":"http:\/\/margarete-blank-gedenkstaette.com\/index.php?rest_route=\/wp\/v2\/types\/post"}],"author":[{"embeddable":true,"href":"http:\/\/margarete-blank-gedenkstaette.com\/index.php?rest_route=\/wp\/v2\/users\/1"}],"replies":[{"embeddable":true,"href":"http:\/\/margarete-blank-gedenkstaette.com\/index.php?rest_route=%2Fwp%2Fv2%2Fcomments&post=284"}],"version-history":[{"count":2,"href":"http:\/\/margarete-blank-gedenkstaette.com\/index.php?rest_route=\/wp\/v2\/posts\/284\/revisions"}],"predecessor-version":[{"id":293,"href":"http:\/\/margarete-blank-gedenkstaette.com\/index.php?rest_route=\/wp\/v2\/posts\/284\/revisions\/293"}],"wp:attachment":[{"href":"http:\/\/margarete-blank-gedenkstaette.com\/index.php?rest_route=%2Fwp%2Fv2%2Fmedia&parent=284"}],"wp:term":[{"taxonomy":"category","embeddable":true,"href":"http:\/\/margarete-blank-gedenkstaette.com\/index.php?rest_route=%2Fwp%2Fv2%2Fcategories&post=284"},{"taxonomy":"post_tag","embeddable":true,"href":"http:\/\/margarete-blank-gedenkstaette.com\/index.php?rest_route=%2Fwp%2Fv2%2Ftags&post=284"}],"curies":[{"name":"wp","href":"https:\/\/api.w.org\/{rel}","templated":true}]}}