{"id":86,"date":"2019-11-07T11:28:30","date_gmt":"2019-11-07T11:28:30","guid":{"rendered":"http:\/\/margarete-blank-gedenkstaette.com\/?p=86"},"modified":"2019-11-07T11:29:10","modified_gmt":"2019-11-07T11:29:10","slug":"verein-dr-margarete-blank-gedenkstaette-panitzsch-e-v-gegruendet","status":"publish","type":"post","link":"http:\/\/margarete-blank-gedenkstaette.com\/?p=86","title":{"rendered":"Verein Dr.-Margarete-Blank-Gedenkst\u00e4tte Panitzsch e. V. gegr\u00fcndet"},"content":{"rendered":"<p>Am 6. 11. 2019 fand die Gr\u00fcndungsversammlung des Vereins der Dr. Margarete Blank Gedenkst\u00e4tte mit Wahl des Vorstandes statt. Allen Gew\u00e4hlten wurde viel Erfolg bei den be<span class=\"text_exposed_show\">vorstehenden Aufgaben zum Erhalt der Gedenkst\u00e4tte und der Bewahrung der Erinnerung an die Antifaschistin Dr. Margarete Blank, die von den Nazis kurz vor Ende des Krieges unter dem Fallbeil hingerichtet wurde, gew\u00fcnscht. Getreu der Devise: \u201eKein Vergeben! Kein Vergessen!\u201c m\u00f6chten wir kein Gras \u00fcber die Geschichte dieser engagierten Widerstandsk\u00e4mpferin gegen die Nazis wachsen lassen, und das Gedenken an sie bewahren, um es in die n\u00e4chste Generation zu tragen.<\/span><\/p>\n","protected":false},"excerpt":{"rendered":"<p>Am 6. 11. 2019 fand die Gr\u00fcndungsversammlung des Vereins der Dr. Margarete Blank Gedenkst\u00e4tte mit Wahl des Vorstandes statt. Allen Gew\u00e4hlten wurde viel Erfolg bei den bevorstehenden Aufgaben zum Erhalt der Gedenkst\u00e4tte und der Bewahrung der Erinnerung an die Antifaschistin Dr. Margarete Blank, die von den Nazis kurz vor Ende des Krieges unter dem Fallbeil &hellip; <\/p>\n<p class=\"link-more\"><a href=\"http:\/\/margarete-blank-gedenkstaette.com\/?p=86\" class=\"more-link\"><span class=\"screen-reader-text\">\u201eVerein Dr.-Margarete-Blank-Gedenkst\u00e4tte Panitzsch e. V. gegr\u00fcndet\u201c <\/span>weiterlesen<\/a><\/p>\n","protected":false},"author":1,"featured_media":0,"comment_status":"open","ping_status":"open","sticky":false,"template":"","format":"standard","meta":{"footnotes":""},"categories":[1],"tags":[],"class_list":["post-86","post","type-post","status-publish","format-standard","hentry","category-uncategorized"],"_links":{"self":[{"href":"http:\/\/margarete-blank-gedenkstaette.com\/index.php?rest_route=\/wp\/v2\/posts\/86","targetHints":{"allow":["GET"]}}],"collection":[{"href":"http:\/\/margarete-blank-gedenkstaette.com\/index.php?rest_route=\/wp\/v2\/posts"}],"about":[{"href":"http:\/\/margarete-blank-gedenkstaette.com\/index.php?rest_route=\/wp\/v2\/types\/post"}],"author":[{"embeddable":true,"href":"http:\/\/margarete-blank-gedenkstaette.com\/index.php?rest_route=\/wp\/v2\/users\/1"}],"replies":[{"embeddable":true,"href":"http:\/\/margarete-blank-gedenkstaette.com\/index.php?rest_route=%2Fwp%2Fv2%2Fcomments&post=86"}],"version-history":[{"count":1,"href":"http:\/\/margarete-blank-gedenkstaette.com\/index.php?rest_route=\/wp\/v2\/posts\/86\/revisions"}],"predecessor-version":[{"id":88,"href":"http:\/\/margarete-blank-gedenkstaette.com\/index.php?rest_route=\/wp\/v2\/posts\/86\/revisions\/88"}],"wp:attachment":[{"href":"http:\/\/margarete-blank-gedenkstaette.com\/index.php?rest_route=%2Fwp%2Fv2%2Fmedia&parent=86"}],"wp:term":[{"taxonomy":"category","embeddable":true,"href":"http:\/\/margarete-blank-gedenkstaette.com\/index.php?rest_route=%2Fwp%2Fv2%2Fcategories&post=86"},{"taxonomy":"post_tag","embeddable":true,"href":"http:\/\/margarete-blank-gedenkstaette.com\/index.php?rest_route=%2Fwp%2Fv2%2Ftags&post=86"}],"curies":[{"name":"wp","href":"https:\/\/api.w.org\/{rel}","templated":true}]}}