{"id":92,"date":"2019-11-10T13:51:40","date_gmt":"2019-11-10T13:51:40","guid":{"rendered":"http:\/\/margarete-blank-gedenkstaette.com\/?p=92"},"modified":"2019-11-10T13:53:38","modified_gmt":"2019-11-10T13:53:38","slug":"pressemitteilung","status":"publish","type":"post","link":"http:\/\/margarete-blank-gedenkstaette.com\/?p=92","title":{"rendered":"Pressemitteilung"},"content":{"rendered":"<div class=\"\" data-block=\"true\" data-editor=\"crma7\" data-offset-key=\"9gsig-0-0\">\n<div class=\"_1mf _1mj\" data-offset-key=\"9gsig-0-0\"><span style=\"font-size: 1rem;\">Am 06.11.2019 erfolgte im B\u00fcrgerhaus Zweenfurth die Gr\u00fcndung des Vereins <em><strong>\u201eDr.-Margarete-Blank- Gedenkst\u00e4tte Panitzsch\u201c<\/strong><\/em>. Einstimmig wurden in den Vorstand gew\u00e4hlt: <strong>Dr. Petra Lau (Vorsitzende)<\/strong>, <strong>Lars Klaus A\u00dfhauer (Stellvertreter)<\/strong>, <strong>Bettina Wistuba (Schatzmeisterin)<\/strong>, <strong>Florian Krahmer<\/strong> und <strong>Hubert H\u00fcbner (Beisitzer)<\/strong>. In der Diskussion betonten die Teilnehmer der Wahlveranstaltung die Notwendigkeit eines eigenst\u00e4ndigen Vereins f\u00fcr die T\u00e4tigkeit im ehemaligen Wohnhaus der von den Nationalsozialisten ermordeten \u00c4rztin Margarete Blank. Seit 1995 hatte der F\u00f6rderverein unter Leitung von Charlotte Zeitschel das Haus in Pacht und nutzte es entsprechend der Schenkungsbedingungen von 1959 als St\u00e4tte der Auseinandersetzung mit der NS-Diktatur und als Begegnungsst\u00e4tte der Generationen aus dem In- und Ausland. Im Laufe der Zeit wurden die Aufgaben der Gedenkst\u00e4tte in Panitzsch und die ebenfalls unter dem Dach des F\u00f6rdervereins gegr\u00fcndete Gedenkst\u00e4tte f\u00fcr Zwangsarbeit in Leipzig immer spezifischer und auch wegen der r\u00e4umlichen Entfernung war die Zusammenarbeit gering. Mit der erfolgten Vereinsgr\u00fcndung und dem m\u00f6glichen Erhalt der Gemeinn\u00fctzigkeit hoffen wir auf F\u00f6rderm\u00f6glichkeiten, die f\u00fcr den Erhalt des 1929 gebauten Holzhauses dringend geboten sind. Die mit Unterst\u00fctzung der Gemeinde begonnene Sanierung des gesamten Hauses wird fortgesetzt. Im Mittelpunkt wird die Neugestaltung der Ausstellung stehen. Das Wohnhaus von Margarete Blank wird so als Gedenk- und Begegnungsst\u00e4tte das Verm\u00e4chtnis der \u00c4rztin, Humanistin und Christin bewahren.<\/span><\/div>\n<\/div>\n","protected":false},"excerpt":{"rendered":"<p>Am 06.11.2019 erfolgte im B\u00fcrgerhaus Zweenfurth die Gr\u00fcndung des Vereins \u201eDr.-Margarete-Blank- Gedenkst\u00e4tte Panitzsch\u201c. Einstimmig wurden in den Vorstand gew\u00e4hlt: Dr. Petra Lau (Vorsitzende), Lars Klaus A\u00dfhauer (Stellvertreter), Bettina Wistuba (Schatzmeisterin), Florian Krahmer und Hubert H\u00fcbner (Beisitzer). In der Diskussion betonten die Teilnehmer der Wahlveranstaltung die Notwendigkeit eines eigenst\u00e4ndigen Vereins f\u00fcr die T\u00e4tigkeit im ehemaligen Wohnhaus &hellip; <\/p>\n<p class=\"link-more\"><a href=\"http:\/\/margarete-blank-gedenkstaette.com\/?p=92\" class=\"more-link\"><span class=\"screen-reader-text\">\u201ePressemitteilung\u201c <\/span>weiterlesen<\/a><\/p>\n","protected":false},"author":1,"featured_media":0,"comment_status":"open","ping_status":"open","sticky":false,"template":"","format":"standard","meta":{"footnotes":""},"categories":[1],"tags":[],"class_list":["post-92","post","type-post","status-publish","format-standard","hentry","category-uncategorized"],"_links":{"self":[{"href":"http:\/\/margarete-blank-gedenkstaette.com\/index.php?rest_route=\/wp\/v2\/posts\/92","targetHints":{"allow":["GET"]}}],"collection":[{"href":"http:\/\/margarete-blank-gedenkstaette.com\/index.php?rest_route=\/wp\/v2\/posts"}],"about":[{"href":"http:\/\/margarete-blank-gedenkstaette.com\/index.php?rest_route=\/wp\/v2\/types\/post"}],"author":[{"embeddable":true,"href":"http:\/\/margarete-blank-gedenkstaette.com\/index.php?rest_route=\/wp\/v2\/users\/1"}],"replies":[{"embeddable":true,"href":"http:\/\/margarete-blank-gedenkstaette.com\/index.php?rest_route=%2Fwp%2Fv2%2Fcomments&post=92"}],"version-history":[{"count":1,"href":"http:\/\/margarete-blank-gedenkstaette.com\/index.php?rest_route=\/wp\/v2\/posts\/92\/revisions"}],"predecessor-version":[{"id":93,"href":"http:\/\/margarete-blank-gedenkstaette.com\/index.php?rest_route=\/wp\/v2\/posts\/92\/revisions\/93"}],"wp:attachment":[{"href":"http:\/\/margarete-blank-gedenkstaette.com\/index.php?rest_route=%2Fwp%2Fv2%2Fmedia&parent=92"}],"wp:term":[{"taxonomy":"category","embeddable":true,"href":"http:\/\/margarete-blank-gedenkstaette.com\/index.php?rest_route=%2Fwp%2Fv2%2Fcategories&post=92"},{"taxonomy":"post_tag","embeddable":true,"href":"http:\/\/margarete-blank-gedenkstaette.com\/index.php?rest_route=%2Fwp%2Fv2%2Ftags&post=92"}],"curies":[{"name":"wp","href":"https:\/\/api.w.org\/{rel}","templated":true}]}}